{"id":71420,"date":"2025-02-10T17:07:07","date_gmt":"2025-02-10T16:07:07","guid":{"rendered":"https:\/\/www.atico.es\/property\/atic-de-lloguer-a-sant-gervasi-la-bonanova\/"},"modified":"2026-09-02T17:01:13","modified_gmt":"2026-09-02T15:01:13","slug":"atic-de-lloguer-a-sant-gervasi-la-bonanova","status":[491],"type":[489],"link":"https:\/\/www.atico.es\/ca\/property\/atic-de-lloguer-a-sant-gervasi-la-bonanova\/","title":{"rendered":"\u00c0tic de lloguer a Sant Gervasi &#8211; La Bonanova"},"content":{"rendered":"<p>CONTRACTE LLARGA ESTADA<\/p>\n<p>El que captiva d&#8217;aquest pis \u00e9s, sens dubte, la manera com la llum es vessa generosament per cada estan\u00e7a, acariciant cada rac\u00f3 amb la seva resplendor serena. En estar completament orientada a l&#8217;exterior i essent cantoner l&#8217;habitatge s&#8217;embolcalla en un halo de lluminositat natural, oferint una pau infinita.<br \/>\nLa finca, que disposa de servei de consergeria, compta amb dos ascensors i \u00e9s a poca dist\u00e0ncia a peu de l&#8217;emblem\u00e0tica Pla\u00e7a Kennedy, en un enclavament privilegiat ideal per a fam\u00edlies. Al seu voltant, la vida flueix entre prestigiosos col\u00b7legis, centres m\u00e8dics de renom, comer\u00e7os selectes i espais verds com el buc\u00f2lic parc de la Tamarita i restaurants amb estrella Michelin. La connexi\u00f3 amb la ciutat \u00e9s immillorable, oferint la possibilitat de moure&#8217;s amb facilitat i alhora gaudir d&#8217;un rec\u00e9s de pau.<br \/>\nEl pis ha estat cuidat amb cura i es troba en perfecte estat per entrar a viure. En creuar el llindar, un distribu\u00efdor gener\u00f3s ens d\u00f3na la benvinguda i ens condueix cap a les diferents estances de l&#8217;habitatge. A l&#8217;esquerra, dues habitacions dobles elegants treuen el cap a l&#8217;horitz\u00f3 mar\u00ed, totes dues amb acc\u00e9s a la terrassa posterior i amb un gran finestral que emmarca les vistes com si fos un quadre. Totes dues comparteixen un bany ampli, dotat amb una c\u00f2moda dutxa.<br \/>\nCadascuna d&#8217;aquestes estades s&#8217;obre generosament a l&#8217;exterior, inundades de llum i acaronades pel sol, creant un ambient c\u00e0lid i harmoni\u00f3s. A l&#8217;ala dreta del distribu\u00efdor, hi ha una estada m\u00e9s \u00edntima, una habitaci\u00f3 doble recollida i serena, ideal per al servei. Disposa d\u00b4un bany amb dutxa i acc\u00e9s a cuina ia la zona d\u00b4aig\u00fces, un espai funcional i ben resolt.<br \/>\nEn aquest rac\u00f3 dedicat al benestar de la llar, hi ha una pr\u00e0ctica \u00e0rea de bugaderia, amb planxadora, rentadora i assecadora, a m\u00e9s d&#8217;un avan\u00e7at sistema de tractament d&#8217;aigua, que incorpora un desqualificador i una font d&#8217;osmosi inversa amb remineralitzaci\u00f3, assegurant la puresa cristal\u00b7lina a l&#8217;aigua.<br \/>\nLa part central del distribu\u00efdor ens d\u00f3na acc\u00e9s a l&#8217;ampli sal\u00f3, que s&#8217;est\u00e9n amb naturalitat cap a una terrassa exterior encantadora, un balc\u00f3 privilegiat amb vistes que es perden a la immensitat del mar ia la majestuosa silueta del Tibidabo. Aquest rac\u00f3, concebut per al delit dels sentits, \u00e9s el lloc perfecte per compartir vetllades a l&#8217;aire lliure, deixar-se acaronar per la brisa o assaborir un dinar sota el cel obert en un dia pl\u00e0cid.<br \/>\nDes de la zona de menjador, accedim a una cuina que uneix bellesa i funcionalitat. De l\u00ednies elegants i disseny contemporani, la seva il\u00b7luminaci\u00f3 indirecta real\u00e7a cada detall, creant un ambient refinat i acollidor. Totalment equipat amb armaris espaiosos i electrodom\u00e8stics d&#8217;alta gamma, la seva distribuci\u00f3 convida a cuinar amb comoditat i gaudir de cada instant, ja sigui preparant una recepta amb cura o compartint un \u00e0pat a la seva acollidora zona de menjador.<br \/>\nEn aquesta part de la llar, hi trobem dues magn\u00edfiques habitacions dobles, generoses en espai i banyades per la llum natural. Ambdues exteriors i amb vista a l&#8217;horitz\u00f3 mar\u00ed, una d&#8217;elles gaudeix a m\u00e9s d&#8217;acc\u00e9s directe a la terrassa, i es converteix en un refugi on la brisa i el blau del cel es converteixen en un lloc id\u00edl\u00b7lic.<\/p>\n<p>Observacions: S\u00f2ls de parquet, calefacci\u00f3 a gas, aire per conductes, armaris encastats, il\u00b7luminaci\u00f3 a tota la casa per diferents intensitats.<br \/>\nZona amb tots els serveis a tots els nivells, a 5 minuts de l&#8217;alegre i comercial carrer Mandri descobrim petits comer\u00e7os, caf\u00e8s, restaurants i terrasses que vessen vida i moviment i que conviden a seure i gaudir d&#8217;un aperitiu al sol.<br \/>\nA un pas del Mercat de Saint-Gervais, Centre Civic, Jardins Vil-la Florida, Biblioteca Joan Maragall. Centres m\u00e8dics.<br \/>\nTamb\u00e9 hi ha un acc\u00e9s molt c\u00f2mode i r\u00e0pid a vies importants, a trav\u00e9s del carrer Balmes i Ronda de Dalt per arribar en pocs minuts a qualsevol lloc de Barcelona. Aix\u00ed mateix, disposa de bones comunicacions per transport p\u00fablic, autobusos que t&#8217;acosten fins al mar i dels Ferrocarrils de la Generalitat (FGC). D&#8217;Avda. Tibidabo.<br \/>\nSant-Gervais-La Bonanova \u00e9s un barri del districte de Sarri\u00e0-San Gervasio de la ciutat de Barcelona. Antigament, va ser juntament amb Sant-Gervasi-Galvany un municipi independent anomenat Sant Gervasi de Cassolas.<br \/>\nEntre els barris de la zona alta de Barcelona, \u200b\u200bSant Gervasi-La Bonanova va ser un dels darrers barris a incorporar-se a la gran Barcelona. Despr\u00e9s de ser descobert per burgesos barcelonins a la segona meitat del segle XIX, l&#8217;antic poble es va transformar. Va passar a convertir-se en un lloc d&#8217;estiueig, i rics industrials van construir la segona resid\u00e8ncia als voltants dels carrers Ganduxer i Mandri. Als anys 50 anys el lloc es va convertir en una zona residencial amb antigues viles, cases de menestrals, convents i col\u00b7legis religiosos. I zones verdes. Aquest car\u00e0cter es mant\u00e9 encara<\/p>\n<p>&nbsp;<\/p>\n<p>Els subministraments estan donats d&#8217;alta, per\u00f2 no inclosos en el preu i les instal\u00b7lacions de qu\u00e8 est\u00e0 dotat l&#8217;habitatge en perfecte funcionament.<\/p>\n","protected":false},"excerpt":{"rendered":"<p>CONTRACTE LLARGA ESTADA El que captiva d&#8217;aquest pis \u00e9s, sens dubte, la manera com la llum es vessa generosament per cada estan\u00e7a, acariciant cada rac\u00f3 amb la seva resplendor serena. En estar completament orientada a l&#8217;exterior i essent cantoner l&#8217;habitatge s&#8217;embolcalla en un halo de lluminositat natural, oferint una pau infinita. La finca, que disposa [&hellip;]<\/p>\n","protected":false},"author":2,"featured_media":71303,"parent":0,"menu_order":0,"template":"","feature":[495,507],"label":[],"city":[521],"area":[640],"state":[],"class_list":["post-71420","property","type-property","status-publish","has-post-thumbnail","hentry","property_type-atic","property_status-lloguer","property_feature-moblat","property_feature-terrassa","property_city-barcelona-ca","property_area-zona-alta-ca"],"acf":[],"yoast_head":"<!-- This site is optimized with the Yoast SEO plugin v28.0 - https:\/\/yoast.com\/product\/yoast-seo-wordpress\/ -->\n<title>\u00c0tic de lloguer a Sant Gervasi - La Bonanova - \u00c1tico<\/title>\n<meta name=\"robots\" content=\"index, follow, max-snippet:-1, max-image-preview:large, max-video-preview:-1\" \/>\n<link rel=\"canonical\" href=\"https:\/\/www.atico.es\/ca\/property\/atic-de-lloguer-a-sant-gervasi-la-bonanova\/\" \/>\n<meta property=\"og:locale\" content=\"ca_ES\" \/>\n<meta property=\"og:type\" content=\"article\" \/>\n<meta property=\"og:title\" content=\"\u00c0tic de lloguer a Sant Gervasi - La Bonanova - \u00c1tico\" \/>\n<meta property=\"og:description\" content=\"CONTRACTE LLARGA ESTADA El que captiva d&#8217;aquest pis \u00e9s, sens dubte, la manera com la llum es vessa generosament per cada estan\u00e7a, acariciant cada rac\u00f3 amb la seva resplendor serena. En estar completament orientada a l&#8217;exterior i essent cantoner l&#8217;habitatge s&#8217;embolcalla en un halo de lluminositat natural, oferint una pau infinita. La finca, que disposa [&hellip;]\" \/>\n<meta property=\"og:url\" content=\"https:\/\/www.atico.es\/ca\/property\/atic-de-lloguer-a-sant-gervasi-la-bonanova\/\" \/>\n<meta property=\"og:site_name\" content=\"\u00c1tico\" \/>\n<meta property=\"article:modified_time\" content=\"2026-09-02T15:01:13+00:00\" \/>\n<meta property=\"og:image\" content=\"https:\/\/www.atico.es\/wp-content\/uploads\/2025\/02\/05-2.jpg\" \/>\n\t<meta property=\"og:image:width\" content=\"1600\" \/>\n\t<meta property=\"og:image:height\" content=\"1067\" \/>\n\t<meta property=\"og:image:type\" content=\"image\/jpeg\" \/>\n<meta name=\"twitter:card\" content=\"summary_large_image\" \/>\n<meta name=\"twitter:label1\" content=\"Temps estimat de lectura\" \/>\n\t<meta name=\"twitter:data1\" content=\"4 minuts\" \/>\n<script type=\"application\/ld+json\" class=\"yoast-schema-graph\">{\"@context\":\"https:\\\/\\\/schema.org\",\"@graph\":[{\"@type\":\"WebPage\",\"@id\":\"https:\\\/\\\/www.atico.es\\\/ca\\\/property\\\/atic-de-lloguer-a-sant-gervasi-la-bonanova\\\/\",\"url\":\"https:\\\/\\\/www.atico.es\\\/ca\\\/property\\\/atic-de-lloguer-a-sant-gervasi-la-bonanova\\\/\",\"name\":\"\u00c0tic de lloguer a Sant Gervasi - La Bonanova - \u00c1tico\",\"isPartOf\":{\"@id\":\"https:\\\/\\\/www.atico.es\\\/ca\\\/#website\"},\"primaryImageOfPage\":{\"@id\":\"https:\\\/\\\/www.atico.es\\\/ca\\\/property\\\/atic-de-lloguer-a-sant-gervasi-la-bonanova\\\/#primaryimage\"},\"image\":{\"@id\":\"https:\\\/\\\/www.atico.es\\\/ca\\\/property\\\/atic-de-lloguer-a-sant-gervasi-la-bonanova\\\/#primaryimage\"},\"thumbnailUrl\":\"https:\\\/\\\/www.atico.es\\\/wp-content\\\/uploads\\\/2025\\\/02\\\/05-2.jpg\",\"datePublished\":\"2025-02-10T16:07:07+00:00\",\"dateModified\":\"2026-09-02T15:01:13+00:00\",\"breadcrumb\":{\"@id\":\"https:\\\/\\\/www.atico.es\\\/ca\\\/property\\\/atic-de-lloguer-a-sant-gervasi-la-bonanova\\\/#breadcrumb\"},\"inLanguage\":\"ca\",\"potentialAction\":[{\"@type\":\"ReadAction\",\"target\":[\"https:\\\/\\\/www.atico.es\\\/ca\\\/property\\\/atic-de-lloguer-a-sant-gervasi-la-bonanova\\\/\"]}]},{\"@type\":\"ImageObject\",\"inLanguage\":\"ca\",\"@id\":\"https:\\\/\\\/www.atico.es\\\/ca\\\/property\\\/atic-de-lloguer-a-sant-gervasi-la-bonanova\\\/#primaryimage\",\"url\":\"https:\\\/\\\/www.atico.es\\\/wp-content\\\/uploads\\\/2025\\\/02\\\/05-2.jpg\",\"contentUrl\":\"https:\\\/\\\/www.atico.es\\\/wp-content\\\/uploads\\\/2025\\\/02\\\/05-2.jpg\",\"width\":1600,\"height\":1067},{\"@type\":\"BreadcrumbList\",\"@id\":\"https:\\\/\\\/www.atico.es\\\/ca\\\/property\\\/atic-de-lloguer-a-sant-gervasi-la-bonanova\\\/#breadcrumb\",\"itemListElement\":[{\"@type\":\"ListItem\",\"position\":1,\"name\":\"Portada\",\"item\":\"https:\\\/\\\/www.atico.es\\\/ca\\\/\"},{\"@type\":\"ListItem\",\"position\":2,\"name\":\"Propietats\",\"item\":\"https:\\\/\\\/www.atico.es\\\/ca\\\/property\\\/\"},{\"@type\":\"ListItem\",\"position\":3,\"name\":\"\u00c0tic de lloguer a Sant Gervasi &#8211; La Bonanova\"}]},{\"@type\":\"WebSite\",\"@id\":\"https:\\\/\\\/www.atico.es\\\/ca\\\/#website\",\"url\":\"https:\\\/\\\/www.atico.es\\\/ca\\\/\",\"name\":\"\u00c1tico\",\"description\":\"\u00c1ticos de Lujo en Barcelona\",\"potentialAction\":[{\"@type\":\"SearchAction\",\"target\":{\"@type\":\"EntryPoint\",\"urlTemplate\":\"https:\\\/\\\/www.atico.es\\\/ca\\\/?s={search_term_string}\"},\"query-input\":{\"@type\":\"PropertyValueSpecification\",\"valueRequired\":true,\"valueName\":\"search_term_string\"}}],\"inLanguage\":\"ca\"}]}<\/script>\n<!-- \/ Yoast SEO plugin. -->","yoast_head_json":{"title":"\u00c0tic de lloguer a Sant Gervasi - La Bonanova - \u00c1tico","robots":{"index":"index","follow":"follow","max-snippet":"max-snippet:-1","max-image-preview":"max-image-preview:large","max-video-preview":"max-video-preview:-1"},"canonical":"https:\/\/www.atico.es\/ca\/property\/atic-de-lloguer-a-sant-gervasi-la-bonanova\/","og_locale":"ca_ES","og_type":"article","og_title":"\u00c0tic de lloguer a Sant Gervasi - La Bonanova - \u00c1tico","og_description":"CONTRACTE LLARGA ESTADA El que captiva d&#8217;aquest pis \u00e9s, sens dubte, la manera com la llum es vessa generosament per cada estan\u00e7a, acariciant cada rac\u00f3 amb la seva resplendor serena. En estar completament orientada a l&#8217;exterior i essent cantoner l&#8217;habitatge s&#8217;embolcalla en un halo de lluminositat natural, oferint una pau infinita. La finca, que disposa [&hellip;]","og_url":"https:\/\/www.atico.es\/ca\/property\/atic-de-lloguer-a-sant-gervasi-la-bonanova\/","og_site_name":"\u00c1tico","article_modified_time":"2026-09-02T15:01:13+00:00","og_image":[{"width":1600,"height":1067,"url":"https:\/\/www.atico.es\/wp-content\/uploads\/2025\/02\/05-2.jpg","type":"image\/jpeg"}],"twitter_card":"summary_large_image","twitter_misc":{"Temps estimat de lectura":"4 minuts"},"schema":{"@context":"https:\/\/schema.org","@graph":[{"@type":"WebPage","@id":"https:\/\/www.atico.es\/ca\/property\/atic-de-lloguer-a-sant-gervasi-la-bonanova\/","url":"https:\/\/www.atico.es\/ca\/property\/atic-de-lloguer-a-sant-gervasi-la-bonanova\/","name":"\u00c0tic de lloguer a Sant Gervasi - La Bonanova - \u00c1tico","isPartOf":{"@id":"https:\/\/www.atico.es\/ca\/#website"},"primaryImageOfPage":{"@id":"https:\/\/www.atico.es\/ca\/property\/atic-de-lloguer-a-sant-gervasi-la-bonanova\/#primaryimage"},"image":{"@id":"https:\/\/www.atico.es\/ca\/property\/atic-de-lloguer-a-sant-gervasi-la-bonanova\/#primaryimage"},"thumbnailUrl":"https:\/\/www.atico.es\/wp-content\/uploads\/2025\/02\/05-2.jpg","datePublished":"2025-02-10T16:07:07+00:00","dateModified":"2026-09-02T15:01:13+00:00","breadcrumb":{"@id":"https:\/\/www.atico.es\/ca\/property\/atic-de-lloguer-a-sant-gervasi-la-bonanova\/#breadcrumb"},"inLanguage":"ca","potentialAction":[{"@type":"ReadAction","target":["https:\/\/www.atico.es\/ca\/property\/atic-de-lloguer-a-sant-gervasi-la-bonanova\/"]}]},{"@type":"ImageObject","inLanguage":"ca","@id":"https:\/\/www.atico.es\/ca\/property\/atic-de-lloguer-a-sant-gervasi-la-bonanova\/#primaryimage","url":"https:\/\/www.atico.es\/wp-content\/uploads\/2025\/02\/05-2.jpg","contentUrl":"https:\/\/www.atico.es\/wp-content\/uploads\/2025\/02\/05-2.jpg","width":1600,"height":1067},{"@type":"BreadcrumbList","@id":"https:\/\/www.atico.es\/ca\/property\/atic-de-lloguer-a-sant-gervasi-la-bonanova\/#breadcrumb","itemListElement":[{"@type":"ListItem","position":1,"name":"Portada","item":"https:\/\/www.atico.es\/ca\/"},{"@type":"ListItem","position":2,"name":"Propietats","item":"https:\/\/www.atico.es\/ca\/property\/"},{"@type":"ListItem","position":3,"name":"\u00c0tic de lloguer a Sant Gervasi &#8211; La Bonanova"}]},{"@type":"WebSite","@id":"https:\/\/www.atico.es\/ca\/#website","url":"https:\/\/www.atico.es\/ca\/","name":"\u00c1tico","description":"\u00c1ticos de Lujo en Barcelona","potentialAction":[{"@type":"SearchAction","target":{"@type":"EntryPoint","urlTemplate":"https:\/\/www.atico.es\/ca\/?s={search_term_string}"},"query-input":{"@type":"PropertyValueSpecification","valueRequired":true,"valueName":"search_term_string"}}],"inLanguage":"ca"}]}},"_links":{"self":[{"href":"https:\/\/www.atico.es\/ca\/wp-json\/wp\/v2\/properties\/71420","targetHints":{"allow":["GET"]}}],"collection":[{"href":"https:\/\/www.atico.es\/ca\/wp-json\/wp\/v2\/properties"}],"about":[{"href":"https:\/\/www.atico.es\/ca\/wp-json\/wp\/v2\/types\/property"}],"author":[{"embeddable":true,"href":"https:\/\/www.atico.es\/ca\/wp-json\/wp\/v2\/users\/2"}],"version-history":[{"count":3,"href":"https:\/\/www.atico.es\/ca\/wp-json\/wp\/v2\/properties\/71420\/revisions"}],"predecessor-version":[{"id":78145,"href":"https:\/\/www.atico.es\/ca\/wp-json\/wp\/v2\/properties\/71420\/revisions\/78145"}],"wp:featuredmedia":[{"embeddable":true,"href":"https:\/\/www.atico.es\/ca\/wp-json\/wp\/v2\/media\/71303"}],"wp:attachment":[{"href":"https:\/\/www.atico.es\/ca\/wp-json\/wp\/v2\/media?parent=71420"}],"wp:term":[{"taxonomy":"property_type","embeddable":true,"href":"https:\/\/www.atico.es\/ca\/wp-json\/wp\/v2\/type?post=71420"},{"taxonomy":"property_status","embeddable":true,"href":"https:\/\/www.atico.es\/ca\/wp-json\/wp\/v2\/status?post=71420"},{"taxonomy":"property_feature","embeddable":true,"href":"https:\/\/www.atico.es\/ca\/wp-json\/wp\/v2\/feature?post=71420"},{"taxonomy":"property_label","embeddable":true,"href":"https:\/\/www.atico.es\/ca\/wp-json\/wp\/v2\/label?post=71420"},{"taxonomy":"property_city","embeddable":true,"href":"https:\/\/www.atico.es\/ca\/wp-json\/wp\/v2\/city?post=71420"},{"taxonomy":"property_area","embeddable":true,"href":"https:\/\/www.atico.es\/ca\/wp-json\/wp\/v2\/area?post=71420"},{"taxonomy":"property_state","embeddable":true,"href":"https:\/\/www.atico.es\/ca\/wp-json\/wp\/v2\/state?post=71420"}],"curies":[{"name":"wp","href":"https:\/\/api.w.org\/{rel}","templated":true}]}}